{"id":6491,"date":"2026-01-26T15:16:52","date_gmt":"2026-01-26T15:16:52","guid":{"rendered":"https:\/\/studiomix.hr\/?p=6491"},"modified":"2026-01-26T15:16:58","modified_gmt":"2026-01-26T15:16:58","slug":"startni-ton","status":"publish","type":"post","link":"https:\/\/studiomix.hr\/en\/startni-ton\/","title":{"rendered":"STARTNI TON"},"content":{"rendered":"<blockquote class=\"wp-block-quote is-layout-flow wp-block-quote-is-layout-flow\">\n<p><strong>Startni Ton<\/strong> \u2013 projekt koji mladim bendovima pru\u017ea prostor za kreativni rast i glazbenu izra\u017eajnost.<\/p>\n<\/blockquote>\n\n\n\n<p>Dame i gospodo,<\/p>\n\n\n\n<p>Samo za vas<\/p>\n\n\n\n<p><strong>SIJE\u010cANJSKI KONCERT<\/strong><\/p>\n\n\n\n<p><\/p>\n\n\n\n<p><em>Dok je vani magla, snijeg i velika hladno\u0107a a ljetno ra\u010dunanje vremena tjera nas da \u017eivimo u tami&#8230;<\/em><\/p>\n\n\n\n<blockquote class=\"wp-block-quote is-layout-flow wp-block-quote-is-layout-flow\">\n<p><\/p>\n<\/blockquote>\n\n\n\n<figure class=\"wp-block-pullquote\"><blockquote><p><em>Mi vas uvodimo u svjetlost!<\/em><\/p><\/blockquote><\/figure>\n\n\n\n<p>Da, stigli smo u ovaj trenutak da budemo sretni, prosvijetljeni, zami\u0161ljeni, radosni, puni ljubavi, gostoljubivi, mazni, plesni i, prije svega, pa\u017eljivi na ZVUK.<\/p>\n\n\n\n<p>Da, ZVUK! Govorim o na\u0161em i va\u0161em ZVUKU!<\/p>\n\n\n\n<p>24. sije\u010dnja, dok \u0107e se vanjske temperature vrtiti oko 0 \u00b0C i gotovo vje\u010dni mrak vladati \u0107e u sivoj i hladnoj Zagabriji, dati \u0107emo vama i sebi priliku do\u017eivjeti glazbu u nekoj novoj ali opet prepoznatljivoj dimenziji.<\/p>\n\n\n\n<p>Ne jedan bend, ve\u0107 tri umjetni\u010dka projekta bit \u0107e te ve\u010deri u Koprivi, samo za vas, da vas prate u harmoniji i u va\u0161em srcu, da ponovno otkrijete toplinu, o\u010darani glazbom i njenim zvukom.<\/p>\n\n\n\n<p>I TAKO \u0106E 24. SIJE\u010cNJA TO BITI NA\u0160I I VA\u0160I UMJETNICI:<\/p>\n\n\n\n<p><\/p>\n\n\n\n<p><\/p>\n\n\n\n<blockquote class=\"wp-block-quote is-layout-flow wp-block-quote-is-layout-flow\">\n<p><strong>ANTONIO IO<\/strong><\/p>\n<\/blockquote>\n\n\n\n<p><\/p>\n\n\n\n<figure class=\"wp-block-image size-large is-resized\"><img loading=\"lazy\" decoding=\"async\" width=\"1024\" height=\"683\" src=\"https:\/\/studiomix.hr\/wp-content\/uploads\/2025\/11\/585194446_122155105496877192_8753854045864407995_n-1024x683.jpg\" alt=\"\" class=\"wp-image-6457\" style=\"aspect-ratio:1.4992860651486386;width:570px;height:auto\" srcset=\"https:\/\/studiomix.hr\/wp-content\/uploads\/2025\/11\/585194446_122155105496877192_8753854045864407995_n-1024x683.jpg 1024w, https:\/\/studiomix.hr\/wp-content\/uploads\/2025\/11\/585194446_122155105496877192_8753854045864407995_n-300x200.jpg 300w, https:\/\/studiomix.hr\/wp-content\/uploads\/2025\/11\/585194446_122155105496877192_8753854045864407995_n-768x512.jpg 768w, https:\/\/studiomix.hr\/wp-content\/uploads\/2025\/11\/585194446_122155105496877192_8753854045864407995_n-1536x1024.jpg 1536w, https:\/\/studiomix.hr\/wp-content\/uploads\/2025\/11\/585194446_122155105496877192_8753854045864407995_n-18x12.jpg 18w, https:\/\/studiomix.hr\/wp-content\/uploads\/2025\/11\/585194446_122155105496877192_8753854045864407995_n-1612x1074.jpg 1612w, https:\/\/studiomix.hr\/wp-content\/uploads\/2025\/11\/585194446_122155105496877192_8753854045864407995_n-1116x744.jpg 1116w, https:\/\/studiomix.hr\/wp-content\/uploads\/2025\/11\/585194446_122155105496877192_8753854045864407995_n-806x537.jpg 806w, https:\/\/studiomix.hr\/wp-content\/uploads\/2025\/11\/585194446_122155105496877192_8753854045864407995_n-558x372.jpg 558w, https:\/\/studiomix.hr\/wp-content\/uploads\/2025\/11\/585194446_122155105496877192_8753854045864407995_n-655x437.jpg 655w, https:\/\/studiomix.hr\/wp-content\/uploads\/2025\/11\/585194446_122155105496877192_8753854045864407995_n-600x400.jpg 600w, https:\/\/studiomix.hr\/wp-content\/uploads\/2025\/11\/585194446_122155105496877192_8753854045864407995_n.jpg 2048w\" sizes=\"auto, (max-width: 1024px) 100vw, 1024px\" \/><\/figure>\n\n\n\n<p><\/p>\n\n\n\n<p>Ovo je solo projekt Antonija Velana, mladog istarskog kantautora iz Zagreba.<\/p>\n\n\n\n<p>Zajedno sa svojom gitarom i dje\u010djim glasom, poku\u0161at \u0107e vas nasmijati, natjerati na razmi\u0161ljanje i maziti;sve \u0107e se to dogoditi zahvaljuju\u0107i njegovoj stand-up komediji, koju \u0107e Antonio poku\u0161ati integrirati sa svojom glazbom. Te ve\u010deri, 24. sije\u010dnja, Antonio \u0107e izvesti pjesme sa svog albuma I O Naive, koji crpi mnogo inspiracije iz cijele DIY i LO-FI scene, s posebnom pa\u017enjom na kantautore poput Daniela Jhonstona i bendove poput Televisions Personalities. Sve nagla\u0161eno notama punka, noisea i dream popa.<\/p>\n\n\n\n<p><\/p>\n\n\n\n<p><\/p>\n\n\n\n<p><\/p>\n\n\n\n<blockquote class=\"wp-block-quote is-layout-flow wp-block-quote-is-layout-flow\">\n<p><strong>What&#8217;s Happening Jam Band<\/strong><\/p>\n<\/blockquote>\n\n\n\n<p>What&#8217;s Happening Jam Band je kreativni \u010detvero\u010dlani bend (trenutno) koji svojom zanimljivom imrpovizacijom spaja rock, funk, jazz, trip-hop elemente itd. Sastavljen je od glazbenika sli\u010dnog ali i vrlo razli\u010ditog ukusa\/ zanimanja a sve to spajaju u plesne ritmove i melodije. Dr\u017eat \u0107e vas na rubu sjedala tijekom cijelog koncerta. Pripremite se za iskustvo kakvo ne postoji nigdje drugdje!<\/p>\n\n\n\n<p><\/p>\n\n\n\n<p><\/p>\n\n\n\n<blockquote class=\"wp-block-quote is-layout-flow wp-block-quote-is-layout-flow\">\n<p><strong>NAOKOLO<\/strong><\/p>\n<\/blockquote>\n\n\n\n<p>Naokolo se nalazi na raskr\u0161\u0107u tradicije, pradavnog i modernog, sna i jave. Tekstovi su pro\u017eeti impresijama putovanja kroz svijet i podsvijest, a glazba tu te\u017enju zrcali s lako\u0107om kombiniraju\u0107i \u0161irinu svjetske glazbene ba\u0161tine s elementima doma\u0107e. Ovom prigodom tekstovi koje umjetnica stvara nisu nu\u017eno linearni, ve\u0107 neka vrsta raznih kolosijeka koji se vrte u krug.<\/p>\n\n\n\n<p><\/p>","protected":false},"excerpt":{"rendered":"<p>Startni Ton \u2013 projekt koji mladim bendovima pru\u017ea prostor za kreativni rast i glazbenu izra\u017eajnost. Dame i gospodo, Samo za vas SIJE\u010cANJSKI KONCERT Dok je vani magla, snijeg i velika hladno\u0107a a ljetno ra\u010dunanje vremena tjera nas da \u017eivimo u tami&#8230; Mi vas uvodimo u svjetlost! Da, stigli smo u ovaj trenutak da budemo sretni,&hellip;<\/p>","protected":false},"author":3,"featured_media":6603,"comment_status":"open","ping_status":"open","sticky":false,"template":"","format":"standard","meta":{"footnotes":""},"categories":[1],"tags":[],"class_list":["post-6491","post","type-post","status-publish","format-standard","has-post-thumbnail","hentry","category-galerija"],"_links":{"self":[{"href":"https:\/\/studiomix.hr\/en\/wp-json\/wp\/v2\/posts\/6491","targetHints":{"allow":["GET"]}}],"collection":[{"href":"https:\/\/studiomix.hr\/en\/wp-json\/wp\/v2\/posts"}],"about":[{"href":"https:\/\/studiomix.hr\/en\/wp-json\/wp\/v2\/types\/post"}],"author":[{"embeddable":true,"href":"https:\/\/studiomix.hr\/en\/wp-json\/wp\/v2\/users\/3"}],"replies":[{"embeddable":true,"href":"https:\/\/studiomix.hr\/en\/wp-json\/wp\/v2\/comments?post=6491"}],"version-history":[{"count":1,"href":"https:\/\/studiomix.hr\/en\/wp-json\/wp\/v2\/posts\/6491\/revisions"}],"predecessor-version":[{"id":6604,"href":"https:\/\/studiomix.hr\/en\/wp-json\/wp\/v2\/posts\/6491\/revisions\/6604"}],"wp:featuredmedia":[{"embeddable":true,"href":"https:\/\/studiomix.hr\/en\/wp-json\/wp\/v2\/media\/6603"}],"wp:attachment":[{"href":"https:\/\/studiomix.hr\/en\/wp-json\/wp\/v2\/media?parent=6491"}],"wp:term":[{"taxonomy":"category","embeddable":true,"href":"https:\/\/studiomix.hr\/en\/wp-json\/wp\/v2\/categories?post=6491"},{"taxonomy":"post_tag","embeddable":true,"href":"https:\/\/studiomix.hr\/en\/wp-json\/wp\/v2\/tags?post=6491"}],"curies":[{"name":"wp","href":"https:\/\/api.w.org\/{rel}","templated":true}]}}