{"id":4871,"date":"2020-08-18T18:40:58","date_gmt":"2020-08-18T18:40:58","guid":{"rendered":"https:\/\/studiomix.hr\/?p=4871"},"modified":"2021-10-28T14:32:55","modified_gmt":"2021-10-28T14:32:55","slug":"ples","status":"publish","type":"post","link":"https:\/\/studiomix.hr\/en\/ples\/","title":{"rendered":"Dance"},"content":{"rendered":"<blockquote class=\"wp-block-quote is-layout-flow wp-block-quote-is-layout-flow\"><p>Modul 1.<\/p><\/blockquote>\n\n\n\n<blockquote class=\"wp-block-quote is-layout-flow wp-block-quote-is-layout-flow\"><p>IN THE MOOD FOR LOVE?<\/p><\/blockquote>\n\n\n\n<p><em><strong>Why<\/strong> In the mood for love?<\/em><\/p>\n\n\n\n<figure class=\"wp-block-embed is-type-video is-provider-youtube wp-block-embed-youtube wp-embed-aspect-16-9 wp-has-aspect-ratio\"><div class=\"wp-block-embed__wrapper\">\n<span class=\"image-placeholder video\" style=\"padding-bottom:56.25000000%\"><video controls class=\"video-js-el vjs-default-skin vjs-minimal-skin\" width=\"560\" height=\"315\" data-vsetup=\"{&quot;techOrder&quot;:[&quot;youtube&quot;],&quot;sources&quot;:[{&quot;type&quot;:&quot;video\\\/youtube&quot;,&quot;src&quot;:&quot;https:\\\/\\\/youtu.be\\\/gw9fKuymA0I&quot;}],&quot;youtube&quot;:{&quot;iv_load_policy&quot;:1,&quot;ytControls&quot;:3,&quot;customVars&quot;:{&quot;wmode&quot;:&quot;transparent&quot;,&quot;controls&quot;:0},&quot;enablePrivacyEnhancedMode&quot;:&quot;true&quot;}}\" preload=\"auto\"><\/video><\/span>\n<\/div><\/figure>\n\n\n\n<blockquote class=\"wp-block-quote is-layout-flow wp-block-quote-is-layout-flow\"><p><em>Love, as one of the strongest creative and driving forces in and around us, definitely deserves the basic intention of a small workshop with a big plan.<\/em><\/p><\/blockquote>\n\n\n\n<p><em>Ako se kojim slu\u010dajem pitate o kakvoj je ljubavi rije\u010d, dobrodo\u0161le su sve \u017eelje koje protje\u010du iz izvora va\u0161e dubinske potrebe. Ljubav partnera, nova ljubav, roditeljska ljubav, ljubav prema samome sebi&#8230;mogu\u0107nosti su neograni\u010dene.<\/em><em><\/em><\/p>\n\n\n\n<p><em>\u010cesto sama \u017eelja da se stvari pokrenu, nije dovoljna. Pokre\u010du\u0107i energiju u svom tijelu, pokre\u0107emo energiju i oko tijela i tada&#8230;se stvari po\u010dnu doga\u0111ati. Ukoliko radimo s jasnom namjerom, pokre\u0107emo stvari koje (uistinu) \u017eelimo.<\/em><em><\/em><\/p>\n\n\n\n<blockquote class=\"wp-block-quote is-layout-flow wp-block-quote-is-layout-flow\"><p><em>The starting point of the workshop is to let go of the body so that suppressed (unconscious) stress, fear, sadness, anger can come out through movement and voice in a safe and supportive environment, and to open space in us for a new, magical experience through a flowing, open heart .<\/em><\/p><\/blockquote>\n\n\n\n<blockquote class=\"wp-block-quote is-layout-flow wp-block-quote-is-layout-flow\"><p><em><span class=\"has-inline-color has-pale-pink-color\">Radionica je koncipirana na kontinuiranom radu, jednom tjedno (ponedjeljak od 20-22h).<\/span><\/em><\/p><\/blockquote>\n\n\n\n<p><em>My desire is to SHARE TIME\/EXPERIENCE with you, in a space where we will develop the security of a permanent group through which we will explore wonderful work together. <\/em><em><\/em><\/p>\n\n\n\n<p><em>By creating a circle of trust, intention and support, we strengthen the focused energy of a common and individual goal to work towards within the group.<\/em><em><\/em><\/p>\n\n\n\n<p><em>The topic of this module is \"IN THE MOOD FOR LOVE\"<\/em><\/p>\n\n\n\n<p><em>Out of love for dance, life and working with people, I open this module and invite the universe to bring exactly those who are ready to grow and explore with us through movement, contact and time.<\/em><\/p>\n\n\n\n<figure class=\"wp-block-gallery columns-1 is-cropped wp-block-gallery-1 is-layout-flex wp-block-gallery-is-layout-flex\"><ul class=\"blocks-gallery-grid\"><li class=\"blocks-gallery-item\"><figure><img loading=\"lazy\" decoding=\"async\" width=\"960\" height=\"640\" src=\"https:\/\/studiomix.hr\/wp-content\/uploads\/2020\/08\/1236216_10151927172359884_1519126979_n.jpg\" alt=\"\" data-id=\"4868\" data-full-url=\"https:\/\/studiomix.hr\/wp-content\/uploads\/2020\/08\/1236216_10151927172359884_1519126979_n.jpg\" data-link=\"https:\/\/studiomix.hr\/news\/1236216_10151927172359884_1519126979_n\/\" class=\"wp-image-4868\" srcset=\"https:\/\/studiomix.hr\/wp-content\/uploads\/2020\/08\/1236216_10151927172359884_1519126979_n.jpg 960w, https:\/\/studiomix.hr\/wp-content\/uploads\/2020\/08\/1236216_10151927172359884_1519126979_n-300x200.jpg 300w, https:\/\/studiomix.hr\/wp-content\/uploads\/2020\/08\/1236216_10151927172359884_1519126979_n-768x512.jpg 768w, https:\/\/studiomix.hr\/wp-content\/uploads\/2020\/08\/1236216_10151927172359884_1519126979_n-806x537.jpg 806w, https:\/\/studiomix.hr\/wp-content\/uploads\/2020\/08\/1236216_10151927172359884_1519126979_n-558x372.jpg 558w, https:\/\/studiomix.hr\/wp-content\/uploads\/2020\/08\/1236216_10151927172359884_1519126979_n-655x437.jpg 655w\" sizes=\"auto, (max-width: 960px) 100vw, 960px\" \/><\/figure><\/li><\/ul><\/figure>\n\n\n\n<p>TECHNIQUES AND TOOLS<\/p>\n\n\n\n<p>BODY- MIND CENTERING<\/p>\n\n\n\n<p>BMC promotes conscious embodiment of developmental principles anatomically, physiologically, psychophysically, using guided movement, intentional touch, voice, expressive arts, and develops awareness of the play of conscious attention or mind.<em><\/em><\/p>\n\n\n\n<p><em>The uniqueness of body-mind centering lies in the specificity in which each of the body's systems can be personally embodied and integrated.<\/em><em><\/em><\/p>\n\n\n\n<blockquote class=\"wp-block-quote has-text-align-left is-layout-flow wp-block-quote-is-layout-flow\"><p><span class=\"has-inline-color has-pale-pink-color\">THOSE WHO WERE SEEN DANCING<\/span><\/p><p><span class=\"has-inline-color has-pale-pink-color\">WERE THOUGHT TO BE INSANE<\/span><\/p><p><span class=\"has-inline-color has-pale-pink-color\">BY THOSE WHO COULD NOT HEAR THE MUSIC.<\/span><\/p><p>                                                                                           F. Nietzsche<\/p><\/blockquote>\n\n\n\n<blockquote class=\"wp-block-quote is-layout-flow wp-block-quote-is-layout-flow\"><p><u>By embodying the development movement, we become aware of the forms of movement with which we engage and deepen our own liveliness and sense of possibility.<\/u><\/p><\/blockquote>\n\n\n\n<p><em>This exploration of embodiment makes the work\/us transformative and allows us to deepen our appreciation of how we express who we are, how we experience the world, others and ourselves, and how we learn. <\/em><em><\/em><\/p>\n\n\n\n<p><em>The workshop is a combination of experiential and intellectual approaches and includes movement, touch, voice, theory, demonstration and discussion.<\/em><em><\/em><\/p>\n\n\n\n<blockquote class=\"wp-block-quote is-layout-flow wp-block-quote-is-layout-flow\"><p><span class=\"has-inline-color has-pale-pink-color\">We will apply:<\/span><\/p><\/blockquote>\n\n\n\n<p>Yoga<\/p>\n\n\n\n<p>\u2022 tehnike suvremenog plesa (floor work, contact, release, fall, recovery&#8230;)<\/p>\n\n\n\n<p>\u2022 somatic movement practices<\/p>\n\n\n\n<p>\u2022 body-oriented therapy<\/p>\n\n\n\n<p>\u2022 occupational and physical therapy, body work<\/p>\n\n\n\n<p>\u2022 energy work<\/p>\n\n\n\n<p>Meditation<\/p>\n\n\n\n<blockquote class=\"wp-block-quote is-layout-flow wp-block-quote-is-layout-flow\"><p><em>The underlying assumption is that we learn from our personal process and that it becomes an informed and insightful starting point for our work with others. The journey we lead in this workshop leads us to greater awareness and a deeper understanding of ourselves as human beings. It helps us understand how the mind expresses itself through the body and the body through the mind.<\/em><\/p><\/blockquote>\n\n\n\n<p><em>who wants to consciously improve <\/em><em>own<\/em><em> frequency of being<\/em><em> through the stretching of the meridians,<\/em><em>otv<\/em><em>the opening of the chakras,<\/em><em>, <\/em><em>the embodiment of natural movement <\/em><em>prirodno<\/em><em>g<\/em><em> pokret<\/em><em>a<\/em><em> and authentic contact with yourself and the world around you. <\/em><em><\/em><\/p>\n\n\n\n<blockquote class=\"wp-block-quote is-layout-flow wp-block-quote-is-layout-flow\"><p><em>The level of experience among the participants will certainly vary, but several qualities are important for all applicants:<\/em><\/p><\/blockquote>\n\n\n\n<ul class=\"wp-block-list\"><li><em>Interest in the relationship between body and mind<\/em><em><\/em><\/li><li><em>Responsibility for working on the material for 3 months<\/em><em><\/em><\/li><li><em>Responsibility for own process and learning<\/em><em><\/em><\/li><li><em>Willingness to work in a group<\/em><em><\/em><\/li><li><em>Willingness to break old patterns<\/em><em><\/em><\/li><li><em>\u017delja za autenti\u010dno\u0161\u0107u, slobodu u pokretu, glasu, dodiru&#8230;\u017eivotu<\/em><em><\/em><\/li><li><em>Awareness that for deeper work you need to have\/develop a strong will\/determination<\/em><em><\/em><\/li><\/ul>\n\n\n\n<ul class=\"wp-block-list\"><li><em>1st module, will last 3 months. <\/em><\/li><li><em><strong><span class=\"has-inline-color has-pale-pink-color\">Odvijati \u0107e se u Ilici 47, svaki ponedjeljak od 20-22h.<\/span><\/strong> <\/em><\/li><li><em>Cijena radionice 300\/mj<\/em><\/li><li><em>The workshop is paid on a monthly basis or in full to the giro account before the start of the workshop and thus you reserve your place <\/em><\/li><li><em>At the first hour of the workshop, you will receive an invoice based on the payment information<\/em><\/li><li><em><strong><u>Za majke s malom djecom cijena radionice je 200,00 kn<\/u><\/strong><\/em><\/li><li><em><strong><u>Max. no. of students per module is <\/u><\/strong><\/em>8<\/li><\/ul>\n\n\n\n<p><em><strong><u><span class=\"has-inline-color has-pale-pink-color\">APPLICATIONS AND INFO:<\/span><\/u><\/strong><\/em><\/p>\n\n\n\n<p><em>studio.mix.zg<\/em>@gmail.com<\/p>\n\n\n\n<p>092 215 5358, Jasmina<em><\/em><\/p>\n\n\n\n<ul class=\"wp-block-list\"><li><em>Make payment to giro account:<\/em><\/li><li><em>HR4723900011101137496<\/em><\/li><li><em>STUDIO MIX<\/em><\/li><li><em>opis pla\u0107anja: RADIONICA PLESA<\/em><\/li><\/ul>\n\n\n\n<p><\/p>","protected":false},"excerpt":{"rendered":"<p>Modul 1. IN THE MOOD FOR LOVE? Za\u0161to In the mood for love? Ljubav kao jedna od najja\u010dih kreativnih i pokreta\u010dkih sila u nama i oko nas, definitivno zaslu\u017euje temeljnu namjeru jedne male radionice s velikim planom. Ako se kojim slu\u010dajem pitate o kakvoj je ljubavi rije\u010d, dobrodo\u0161le su sve \u017eelje koje protje\u010du iz izvora&hellip;<\/p>","protected":false},"author":3,"featured_media":4869,"comment_status":"open","ping_status":"open","sticky":false,"template":"","format":"standard","meta":{"footnotes":""},"categories":[1],"tags":[],"class_list":["post-4871","post","type-post","status-publish","format-standard","has-post-thumbnail","hentry","category-galerija"],"_links":{"self":[{"href":"https:\/\/studiomix.hr\/en\/wp-json\/wp\/v2\/posts\/4871","targetHints":{"allow":["GET"]}}],"collection":[{"href":"https:\/\/studiomix.hr\/en\/wp-json\/wp\/v2\/posts"}],"about":[{"href":"https:\/\/studiomix.hr\/en\/wp-json\/wp\/v2\/types\/post"}],"author":[{"embeddable":true,"href":"https:\/\/studiomix.hr\/en\/wp-json\/wp\/v2\/users\/3"}],"replies":[{"embeddable":true,"href":"https:\/\/studiomix.hr\/en\/wp-json\/wp\/v2\/comments?post=4871"}],"version-history":[{"count":14,"href":"https:\/\/studiomix.hr\/en\/wp-json\/wp\/v2\/posts\/4871\/revisions"}],"predecessor-version":[{"id":5102,"href":"https:\/\/studiomix.hr\/en\/wp-json\/wp\/v2\/posts\/4871\/revisions\/5102"}],"wp:featuredmedia":[{"embeddable":true,"href":"https:\/\/studiomix.hr\/en\/wp-json\/wp\/v2\/media\/4869"}],"wp:attachment":[{"href":"https:\/\/studiomix.hr\/en\/wp-json\/wp\/v2\/media?parent=4871"}],"wp:term":[{"taxonomy":"category","embeddable":true,"href":"https:\/\/studiomix.hr\/en\/wp-json\/wp\/v2\/categories?post=4871"},{"taxonomy":"post_tag","embeddable":true,"href":"https:\/\/studiomix.hr\/en\/wp-json\/wp\/v2\/tags?post=4871"}],"curies":[{"name":"wp","href":"https:\/\/api.w.org\/{rel}","templated":true}]}}